{"id":4863,"date":"2026-03-03T10:49:13","date_gmt":"2026-03-03T09:49:13","guid":{"rendered":"https:\/\/kalinski.pl\/serwis\/?p=4863"},"modified":"2026-03-03T10:51:24","modified_gmt":"2026-03-03T09:51:24","slug":"kontakt-mariusz-foterek","status":"publish","type":"post","link":"https:\/\/kalinski.pl\/serwis\/kontakt-mariusz-foterek\/","title":{"rendered":"Kontakt Mariusz Foterek"},"content":{"rendered":"\t\t<div data-elementor-type=\"wp-post\" data-elementor-id=\"4863\" class=\"elementor elementor-4863\">\n\t\t\t\t\t\t<section class=\"elementor-section elementor-top-section elementor-element elementor-element-fbf0e57 elementor-section-boxed elementor-section-height-default elementor-section-height-default\" data-id=\"fbf0e57\" data-element_type=\"section\">\n\t\t\t\t\t\t<div class=\"elementor-container elementor-column-gap-default\">\n\t\t\t\t\t<div class=\"elementor-column elementor-col-100 elementor-top-column elementor-element elementor-element-89b0797\" data-id=\"89b0797\" data-element_type=\"column\">\n\t\t\t<div class=\"elementor-widget-wrap elementor-element-populated\">\n\t\t\t\t\t\t<div class=\"elementor-element elementor-element-c0035e2 h3_kontakt elementor-widget elementor-widget-heading\" data-id=\"c0035e2\" data-element_type=\"widget\" data-widget_type=\"heading.default\">\n\t\t\t\t<div class=\"elementor-widget-container\">\n\t\t\t\t\t<h3 class=\"elementor-heading-title elementor-size-default\">Dzia\u0142 Sprzeda\u017cy Cz\u0119\u015bci<\/h3>\t\t\t\t<\/div>\n\t\t\t\t<\/div>\n\t\t\t\t\t<\/div>\n\t\t<\/div>\n\t\t\t\t\t<\/div>\n\t\t<\/section>\n\t\t\t\t<section class=\"elementor-section elementor-top-section elementor-element elementor-element-f482a34 elementor-section-boxed elementor-section-height-default elementor-section-height-default\" data-id=\"f482a34\" data-element_type=\"section\">\n\t\t\t\t\t\t<div class=\"elementor-container elementor-column-gap-default\">\n\t\t\t\t\t<div class=\"elementor-column elementor-col-100 elementor-top-column elementor-element elementor-element-34cf8ef\" data-id=\"34cf8ef\" data-element_type=\"column\">\n\t\t\t<div class=\"elementor-widget-wrap elementor-element-populated\">\n\t\t\t\t\t\t<div class=\"elementor-element elementor-element-04534e9 elementor-position-left elementor-widget__width-initial member-name elementor-vertical-align-top elementor-widget elementor-widget-image-box\" data-id=\"04534e9\" data-element_type=\"widget\" data-widget_type=\"image-box.default\">\n\t\t\t\t<div class=\"elementor-widget-container\">\n\t\t\t\t\t<div class=\"elementor-image-box-wrapper\"><figure class=\"elementor-image-box-img\"><img fetchpriority=\"high\" decoding=\"async\" width=\"400\" height=\"400\" src=\"https:\/\/kalinski.pl\/serwis\/wp-content\/uploads\/kk_mariuszfoterek.jpg\" class=\"attachment-full size-full wp-image-4865\" alt=\"kk mariuszfoterek\" \/><\/figure><div class=\"elementor-image-box-content\"><h3 class=\"elementor-image-box-title\">Mariusz Foterek<\/h3><p class=\"elementor-image-box-description\">\n<div class=\"member-role\">Specjalista ds. sprzeda\u017cy cz\u0119\u015bci<\/div>\n<div class=\"member-contact\"><a href=\"tel:48618142777\">+48 61 814 27 77 \/ wew 103<\/a><br \/>\n<a href=\"tel:+48609506506\">Mob. 609 506 506<\/a><br>\nbiuro@kalinski.pl<\/div><\/p><\/div><\/div>\t\t\t\t<\/div>\n\t\t\t\t<\/div>\n\t\t\t\t\t<\/div>\n\t\t<\/div>\n\t\t\t\t\t<\/div>\n\t\t<\/section>\n\t\t\t\t<\/div>\n\t\t","protected":false},"excerpt":{"rendered":"<p>Dzia\u0142 Sprzeda\u017cy Cz\u0119\u015bci Mariusz Foterek Specjalista ds. sprzeda\u017cy cz\u0119\u015bci +48 61 814 27 77 \/ wew 103 Mob. 609 506 506 biuro@kalinski.pl<\/p>\n","protected":false},"author":821792,"featured_media":0,"comment_status":"closed","ping_status":"closed","sticky":false,"template":"","format":"standard","meta":{"footnotes":""},"categories":[1],"tags":[],"class_list":["post-4863","post","type-post","status-publish","format-standard","hentry","category-bez-kategorii"],"yoast_head":"<!-- This site is optimized with the Yoast SEO plugin v26.7 - https:\/\/yoast.com\/wordpress\/plugins\/seo\/ -->\n<title>Kontakt Mariusz Foterek | Kali\u0144ski<\/title>\n<meta name=\"robots\" content=\"index, follow, max-snippet:-1, max-image-preview:large, max-video-preview:-1\" \/>\n<link rel=\"canonical\" href=\"https:\/\/kalinski.pl\/serwis\/kontakt-mariusz-foterek\/\" \/>\n<meta property=\"og:locale\" content=\"pl_PL\" \/>\n<meta property=\"og:type\" content=\"article\" \/>\n<meta property=\"og:title\" content=\"Kontakt Mariusz Foterek | Kali\u0144ski\" \/>\n<meta property=\"og:description\" content=\"Dzia\u0142 Sprzeda\u017cy Cz\u0119\u015bci Mariusz Foterek Specjalista ds. sprzeda\u017cy cz\u0119\u015bci +48 61 814 27 77 \/ wew 103 Mob. 609 506 506 biuro@kalinski.pl\" \/>\n<meta property=\"og:url\" content=\"https:\/\/kalinski.pl\/serwis\/kontakt-mariusz-foterek\/\" \/>\n<meta property=\"og:site_name\" content=\"Kali\u0144ski\" \/>\n<meta property=\"article:published_time\" content=\"2026-03-03T09:49:13+00:00\" \/>\n<meta property=\"article:modified_time\" content=\"2026-03-03T09:51:24+00:00\" \/>\n<meta property=\"og:image\" content=\"https:\/\/kalinski.pl\/serwis\/wp-content\/uploads\/kk_mariuszfoterek.jpg\" \/>\n\t<meta property=\"og:image:width\" content=\"400\" \/>\n\t<meta property=\"og:image:height\" content=\"400\" \/>\n\t<meta property=\"og:image:type\" content=\"image\/jpeg\" \/>\n<meta name=\"author\" content=\"luk lukk\" \/>\n<meta name=\"twitter:card\" content=\"summary_large_image\" \/>\n<meta name=\"twitter:label1\" content=\"Napisane przez\" \/>\n\t<meta name=\"twitter:data1\" content=\"luk lukk\" \/>\n\t<meta name=\"twitter:label2\" content=\"Szacowany czas czytania\" \/>\n\t<meta name=\"twitter:data2\" content=\"1 minuta\" \/>\n<script type=\"application\/ld+json\" class=\"yoast-schema-graph\">{\"@context\":\"https:\/\/schema.org\",\"@graph\":[{\"@type\":\"Article\",\"@id\":\"https:\/\/kalinski.pl\/serwis\/kontakt-mariusz-foterek\/#article\",\"isPartOf\":{\"@id\":\"https:\/\/kalinski.pl\/serwis\/kontakt-mariusz-foterek\/\"},\"author\":{\"name\":\"luk lukk\",\"@id\":\"https:\/\/kalinski.pl\/serwis\/#\/schema\/person\/2fcf9be80bed82f577f152eb72daf47b\"},\"headline\":\"Kontakt Mariusz Foterek\",\"datePublished\":\"2026-03-03T09:49:13+00:00\",\"dateModified\":\"2026-03-03T09:51:24+00:00\",\"mainEntityOfPage\":{\"@id\":\"https:\/\/kalinski.pl\/serwis\/kontakt-mariusz-foterek\/\"},\"wordCount\":21,\"publisher\":{\"@id\":\"https:\/\/kalinski.pl\/serwis\/#organization\"},\"image\":{\"@id\":\"https:\/\/kalinski.pl\/serwis\/kontakt-mariusz-foterek\/#primaryimage\"},\"thumbnailUrl\":\"https:\/\/kalinski.pl\/serwis\/wp-content\/uploads\/kk_mariuszfoterek.jpg\",\"inLanguage\":\"pl-PL\"},{\"@type\":\"WebPage\",\"@id\":\"https:\/\/kalinski.pl\/serwis\/kontakt-mariusz-foterek\/\",\"url\":\"https:\/\/kalinski.pl\/serwis\/kontakt-mariusz-foterek\/\",\"name\":\"Kontakt Mariusz Foterek | Kali\u0144ski\",\"isPartOf\":{\"@id\":\"https:\/\/kalinski.pl\/serwis\/#website\"},\"primaryImageOfPage\":{\"@id\":\"https:\/\/kalinski.pl\/serwis\/kontakt-mariusz-foterek\/#primaryimage\"},\"image\":{\"@id\":\"https:\/\/kalinski.pl\/serwis\/kontakt-mariusz-foterek\/#primaryimage\"},\"thumbnailUrl\":\"https:\/\/kalinski.pl\/serwis\/wp-content\/uploads\/kk_mariuszfoterek.jpg\",\"datePublished\":\"2026-03-03T09:49:13+00:00\",\"dateModified\":\"2026-03-03T09:51:24+00:00\",\"breadcrumb\":{\"@id\":\"https:\/\/kalinski.pl\/serwis\/kontakt-mariusz-foterek\/#breadcrumb\"},\"inLanguage\":\"pl-PL\",\"potentialAction\":[{\"@type\":\"ReadAction\",\"target\":[\"https:\/\/kalinski.pl\/serwis\/kontakt-mariusz-foterek\/\"]}]},{\"@type\":\"ImageObject\",\"inLanguage\":\"pl-PL\",\"@id\":\"https:\/\/kalinski.pl\/serwis\/kontakt-mariusz-foterek\/#primaryimage\",\"url\":\"https:\/\/kalinski.pl\/serwis\/wp-content\/uploads\/kk_mariuszfoterek.jpg\",\"contentUrl\":\"https:\/\/kalinski.pl\/serwis\/wp-content\/uploads\/kk_mariuszfoterek.jpg\",\"width\":400,\"height\":400,\"caption\":\"kk mariuszfoterek\"},{\"@type\":\"BreadcrumbList\",\"@id\":\"https:\/\/kalinski.pl\/serwis\/kontakt-mariusz-foterek\/#breadcrumb\",\"itemListElement\":[{\"@type\":\"ListItem\",\"position\":1,\"name\":\"Strona g\u0142\u00f3wna\",\"item\":\"https:\/\/kalinski.pl\/serwis\/\"},{\"@type\":\"ListItem\",\"position\":2,\"name\":\"Kontakt Mariusz Foterek\"}]},{\"@type\":\"WebSite\",\"@id\":\"https:\/\/kalinski.pl\/serwis\/#website\",\"url\":\"https:\/\/kalinski.pl\/serwis\/\",\"name\":\"Kali\u0144ski\",\"description\":\"Uk\u0142ady wydechowe\",\"publisher\":{\"@id\":\"https:\/\/kalinski.pl\/serwis\/#organization\"},\"potentialAction\":[{\"@type\":\"SearchAction\",\"target\":{\"@type\":\"EntryPoint\",\"urlTemplate\":\"https:\/\/kalinski.pl\/serwis\/?s={search_term_string}\"},\"query-input\":{\"@type\":\"PropertyValueSpecification\",\"valueRequired\":true,\"valueName\":\"search_term_string\"}}],\"inLanguage\":\"pl-PL\"},{\"@type\":\"Organization\",\"@id\":\"https:\/\/kalinski.pl\/serwis\/#organization\",\"name\":\"Kali\u0144ski\",\"url\":\"https:\/\/kalinski.pl\/serwis\/\",\"logo\":{\"@type\":\"ImageObject\",\"inLanguage\":\"pl-PL\",\"@id\":\"https:\/\/kalinski.pl\/serwis\/#\/schema\/logo\/image\/\",\"url\":\"https:\/\/kalinski.pl\/serwis\/wp-content\/uploads\/2019\/03\/cropped-logo_white.jpg\",\"contentUrl\":\"https:\/\/kalinski.pl\/serwis\/wp-content\/uploads\/2019\/03\/cropped-logo_white.jpg\",\"width\":240,\"height\":63,\"caption\":\"Kali\u0144ski\"},\"image\":{\"@id\":\"https:\/\/kalinski.pl\/serwis\/#\/schema\/logo\/image\/\"}},{\"@type\":\"Person\",\"@id\":\"https:\/\/kalinski.pl\/serwis\/#\/schema\/person\/2fcf9be80bed82f577f152eb72daf47b\",\"name\":\"luk lukk\"}]}<\/script>\n<!-- \/ Yoast SEO plugin. -->","yoast_head_json":{"title":"Kontakt Mariusz Foterek | Kali\u0144ski","robots":{"index":"index","follow":"follow","max-snippet":"max-snippet:-1","max-image-preview":"max-image-preview:large","max-video-preview":"max-video-preview:-1"},"canonical":"https:\/\/kalinski.pl\/serwis\/kontakt-mariusz-foterek\/","og_locale":"pl_PL","og_type":"article","og_title":"Kontakt Mariusz Foterek | Kali\u0144ski","og_description":"Dzia\u0142 Sprzeda\u017cy Cz\u0119\u015bci Mariusz Foterek Specjalista ds. sprzeda\u017cy cz\u0119\u015bci +48 61 814 27 77 \/ wew 103 Mob. 609 506 506 biuro@kalinski.pl","og_url":"https:\/\/kalinski.pl\/serwis\/kontakt-mariusz-foterek\/","og_site_name":"Kali\u0144ski","article_published_time":"2026-03-03T09:49:13+00:00","article_modified_time":"2026-03-03T09:51:24+00:00","og_image":[{"width":400,"height":400,"url":"https:\/\/kalinski.pl\/serwis\/wp-content\/uploads\/kk_mariuszfoterek.jpg","type":"image\/jpeg"}],"author":"luk lukk","twitter_card":"summary_large_image","twitter_misc":{"Napisane przez":"luk lukk","Szacowany czas czytania":"1 minuta"},"schema":{"@context":"https:\/\/schema.org","@graph":[{"@type":"Article","@id":"https:\/\/kalinski.pl\/serwis\/kontakt-mariusz-foterek\/#article","isPartOf":{"@id":"https:\/\/kalinski.pl\/serwis\/kontakt-mariusz-foterek\/"},"author":{"name":"luk lukk","@id":"https:\/\/kalinski.pl\/serwis\/#\/schema\/person\/2fcf9be80bed82f577f152eb72daf47b"},"headline":"Kontakt Mariusz Foterek","datePublished":"2026-03-03T09:49:13+00:00","dateModified":"2026-03-03T09:51:24+00:00","mainEntityOfPage":{"@id":"https:\/\/kalinski.pl\/serwis\/kontakt-mariusz-foterek\/"},"wordCount":21,"publisher":{"@id":"https:\/\/kalinski.pl\/serwis\/#organization"},"image":{"@id":"https:\/\/kalinski.pl\/serwis\/kontakt-mariusz-foterek\/#primaryimage"},"thumbnailUrl":"https:\/\/kalinski.pl\/serwis\/wp-content\/uploads\/kk_mariuszfoterek.jpg","inLanguage":"pl-PL"},{"@type":"WebPage","@id":"https:\/\/kalinski.pl\/serwis\/kontakt-mariusz-foterek\/","url":"https:\/\/kalinski.pl\/serwis\/kontakt-mariusz-foterek\/","name":"Kontakt Mariusz Foterek | Kali\u0144ski","isPartOf":{"@id":"https:\/\/kalinski.pl\/serwis\/#website"},"primaryImageOfPage":{"@id":"https:\/\/kalinski.pl\/serwis\/kontakt-mariusz-foterek\/#primaryimage"},"image":{"@id":"https:\/\/kalinski.pl\/serwis\/kontakt-mariusz-foterek\/#primaryimage"},"thumbnailUrl":"https:\/\/kalinski.pl\/serwis\/wp-content\/uploads\/kk_mariuszfoterek.jpg","datePublished":"2026-03-03T09:49:13+00:00","dateModified":"2026-03-03T09:51:24+00:00","breadcrumb":{"@id":"https:\/\/kalinski.pl\/serwis\/kontakt-mariusz-foterek\/#breadcrumb"},"inLanguage":"pl-PL","potentialAction":[{"@type":"ReadAction","target":["https:\/\/kalinski.pl\/serwis\/kontakt-mariusz-foterek\/"]}]},{"@type":"ImageObject","inLanguage":"pl-PL","@id":"https:\/\/kalinski.pl\/serwis\/kontakt-mariusz-foterek\/#primaryimage","url":"https:\/\/kalinski.pl\/serwis\/wp-content\/uploads\/kk_mariuszfoterek.jpg","contentUrl":"https:\/\/kalinski.pl\/serwis\/wp-content\/uploads\/kk_mariuszfoterek.jpg","width":400,"height":400,"caption":"kk mariuszfoterek"},{"@type":"BreadcrumbList","@id":"https:\/\/kalinski.pl\/serwis\/kontakt-mariusz-foterek\/#breadcrumb","itemListElement":[{"@type":"ListItem","position":1,"name":"Strona g\u0142\u00f3wna","item":"https:\/\/kalinski.pl\/serwis\/"},{"@type":"ListItem","position":2,"name":"Kontakt Mariusz Foterek"}]},{"@type":"WebSite","@id":"https:\/\/kalinski.pl\/serwis\/#website","url":"https:\/\/kalinski.pl\/serwis\/","name":"Kali\u0144ski","description":"Uk\u0142ady wydechowe","publisher":{"@id":"https:\/\/kalinski.pl\/serwis\/#organization"},"potentialAction":[{"@type":"SearchAction","target":{"@type":"EntryPoint","urlTemplate":"https:\/\/kalinski.pl\/serwis\/?s={search_term_string}"},"query-input":{"@type":"PropertyValueSpecification","valueRequired":true,"valueName":"search_term_string"}}],"inLanguage":"pl-PL"},{"@type":"Organization","@id":"https:\/\/kalinski.pl\/serwis\/#organization","name":"Kali\u0144ski","url":"https:\/\/kalinski.pl\/serwis\/","logo":{"@type":"ImageObject","inLanguage":"pl-PL","@id":"https:\/\/kalinski.pl\/serwis\/#\/schema\/logo\/image\/","url":"https:\/\/kalinski.pl\/serwis\/wp-content\/uploads\/2019\/03\/cropped-logo_white.jpg","contentUrl":"https:\/\/kalinski.pl\/serwis\/wp-content\/uploads\/2019\/03\/cropped-logo_white.jpg","width":240,"height":63,"caption":"Kali\u0144ski"},"image":{"@id":"https:\/\/kalinski.pl\/serwis\/#\/schema\/logo\/image\/"}},{"@type":"Person","@id":"https:\/\/kalinski.pl\/serwis\/#\/schema\/person\/2fcf9be80bed82f577f152eb72daf47b","name":"luk lukk"}]}},"_links":{"self":[{"href":"https:\/\/kalinski.pl\/serwis\/wp-json\/wp\/v2\/posts\/4863","targetHints":{"allow":["GET"]}}],"collection":[{"href":"https:\/\/kalinski.pl\/serwis\/wp-json\/wp\/v2\/posts"}],"about":[{"href":"https:\/\/kalinski.pl\/serwis\/wp-json\/wp\/v2\/types\/post"}],"author":[{"embeddable":true,"href":"https:\/\/kalinski.pl\/serwis\/wp-json\/wp\/v2\/users\/821792"}],"replies":[{"embeddable":true,"href":"https:\/\/kalinski.pl\/serwis\/wp-json\/wp\/v2\/comments?post=4863"}],"version-history":[{"count":4,"href":"https:\/\/kalinski.pl\/serwis\/wp-json\/wp\/v2\/posts\/4863\/revisions"}],"predecessor-version":[{"id":4868,"href":"https:\/\/kalinski.pl\/serwis\/wp-json\/wp\/v2\/posts\/4863\/revisions\/4868"}],"wp:attachment":[{"href":"https:\/\/kalinski.pl\/serwis\/wp-json\/wp\/v2\/media?parent=4863"}],"wp:term":[{"taxonomy":"category","embeddable":true,"href":"https:\/\/kalinski.pl\/serwis\/wp-json\/wp\/v2\/categories?post=4863"},{"taxonomy":"post_tag","embeddable":true,"href":"https:\/\/kalinski.pl\/serwis\/wp-json\/wp\/v2\/tags?post=4863"}],"curies":[{"name":"wp","href":"https:\/\/api.w.org\/{rel}","templated":true}]}}