{"id":4835,"date":"2026-03-03T09:40:15","date_gmt":"2026-03-03T08:40:15","guid":{"rendered":"https:\/\/kalinski.pl\/serwis\/?p=4835"},"modified":"2026-03-03T09:42:27","modified_gmt":"2026-03-03T08:42:27","slug":"kontakt-mateusz-lecyk","status":"publish","type":"post","link":"https:\/\/kalinski.pl\/serwis\/kontakt-mateusz-lecyk\/","title":{"rendered":"Kontakt Mateusz Lecyk"},"content":{"rendered":"\t\t<div data-elementor-type=\"wp-post\" data-elementor-id=\"4835\" class=\"elementor elementor-4835\">\n\t\t\t\t\t\t<section class=\"elementor-section elementor-top-section elementor-element elementor-element-3850865 elementor-section-boxed elementor-section-height-default elementor-section-height-default\" data-id=\"3850865\" data-element_type=\"section\">\n\t\t\t\t\t\t<div class=\"elementor-container elementor-column-gap-default\">\n\t\t\t\t\t<div class=\"elementor-column elementor-col-100 elementor-top-column elementor-element elementor-element-3fdf18e\" data-id=\"3fdf18e\" data-element_type=\"column\">\n\t\t\t<div class=\"elementor-widget-wrap elementor-element-populated\">\n\t\t\t\t\t\t<div class=\"elementor-element elementor-element-d9d728c h3_kontakt elementor-widget elementor-widget-heading\" data-id=\"d9d728c\" data-element_type=\"widget\" data-widget_type=\"heading.default\">\n\t\t\t\t<div class=\"elementor-widget-container\">\n\t\t\t\t\t<h3 class=\"elementor-heading-title elementor-size-default\">Pojazdy osobowe<\/h3>\t\t\t\t<\/div>\n\t\t\t\t<\/div>\n\t\t\t\t\t<\/div>\n\t\t<\/div>\n\t\t\t\t\t<\/div>\n\t\t<\/section>\n\t\t\t\t<section class=\"elementor-section elementor-top-section elementor-element elementor-element-3f8a484 elementor-section-boxed elementor-section-height-default elementor-section-height-default\" data-id=\"3f8a484\" data-element_type=\"section\">\n\t\t\t\t\t\t<div class=\"elementor-container elementor-column-gap-default\">\n\t\t\t\t\t<div class=\"elementor-column elementor-col-100 elementor-top-column elementor-element elementor-element-668b66d\" data-id=\"668b66d\" data-element_type=\"column\">\n\t\t\t<div class=\"elementor-widget-wrap elementor-element-populated\">\n\t\t\t\t\t\t<div class=\"elementor-element elementor-element-4df039a elementor-position-left elementor-widget__width-initial member-name elementor-vertical-align-top elementor-widget elementor-widget-image-box\" data-id=\"4df039a\" data-element_type=\"widget\" data-widget_type=\"image-box.default\">\n\t\t\t\t<div class=\"elementor-widget-container\">\n\t\t\t\t\t<div class=\"elementor-image-box-wrapper\"><figure class=\"elementor-image-box-img\"><img fetchpriority=\"high\" decoding=\"async\" width=\"400\" height=\"400\" src=\"https:\/\/kalinski.pl\/serwis\/wp-content\/uploads\/kk_mateuszlecyk.jpg\" class=\"attachment-full size-full wp-image-4837\" alt=\"kk mateuszlecyk\" \/><\/figure><div class=\"elementor-image-box-content\"><h3 class=\"elementor-image-box-title\">Mateusz Lecyk<\/h3><p class=\"elementor-image-box-description\">\n<div class=\"member-role\">Dyrektor Operacyjny<br>\nMenad\u017cer dzia\u0142u osobowego<\/div>\n<div class=\"member-contact\"><a href=\"tel:48618142777\">+48 61 814 27 77 \/ wew 101<\/a><br \/>\nbiuro@kalinski.pl<\/div><\/p><\/div><\/div>\t\t\t\t<\/div>\n\t\t\t\t<\/div>\n\t\t\t\t\t<\/div>\n\t\t<\/div>\n\t\t\t\t\t<\/div>\n\t\t<\/section>\n\t\t\t\t<\/div>\n\t\t","protected":false},"excerpt":{"rendered":"<p>Pojazdy osobowe Mateusz Lecyk Dyrektor Operacyjny Menad\u017cer dzia\u0142u osobowego +48 61 814 27 77 \/ wew 101 biuro@kalinski.pl<\/p>\n","protected":false},"author":821792,"featured_media":0,"comment_status":"closed","ping_status":"closed","sticky":false,"template":"","format":"standard","meta":{"footnotes":""},"categories":[1],"tags":[],"class_list":["post-4835","post","type-post","status-publish","format-standard","hentry","category-bez-kategorii"],"yoast_head":"<!-- This site is optimized with the Yoast SEO plugin v26.7 - https:\/\/yoast.com\/wordpress\/plugins\/seo\/ -->\n<title>Kontakt Mateusz Lecyk | Kali\u0144ski<\/title>\n<meta name=\"robots\" content=\"index, follow, max-snippet:-1, max-image-preview:large, max-video-preview:-1\" \/>\n<link rel=\"canonical\" href=\"https:\/\/kalinski.pl\/serwis\/kontakt-mateusz-lecyk\/\" \/>\n<meta property=\"og:locale\" content=\"pl_PL\" \/>\n<meta property=\"og:type\" content=\"article\" \/>\n<meta property=\"og:title\" content=\"Kontakt Mateusz Lecyk | Kali\u0144ski\" \/>\n<meta property=\"og:description\" content=\"Pojazdy osobowe Mateusz Lecyk Dyrektor Operacyjny Menad\u017cer dzia\u0142u osobowego +48 61 814 27 77 \/ wew 101 biuro@kalinski.pl\" \/>\n<meta property=\"og:url\" content=\"https:\/\/kalinski.pl\/serwis\/kontakt-mateusz-lecyk\/\" \/>\n<meta property=\"og:site_name\" content=\"Kali\u0144ski\" \/>\n<meta property=\"article:published_time\" content=\"2026-03-03T08:40:15+00:00\" \/>\n<meta property=\"article:modified_time\" content=\"2026-03-03T08:42:27+00:00\" \/>\n<meta property=\"og:image\" content=\"https:\/\/kalinski.pl\/serwis\/wp-content\/uploads\/kk_mateuszlecyk.jpg\" \/>\n\t<meta property=\"og:image:width\" content=\"400\" \/>\n\t<meta property=\"og:image:height\" content=\"400\" \/>\n\t<meta property=\"og:image:type\" content=\"image\/jpeg\" \/>\n<meta name=\"author\" content=\"luk lukk\" \/>\n<meta name=\"twitter:card\" content=\"summary_large_image\" \/>\n<meta name=\"twitter:label1\" content=\"Napisane przez\" \/>\n\t<meta name=\"twitter:data1\" content=\"luk lukk\" \/>\n\t<meta name=\"twitter:label2\" content=\"Szacowany czas czytania\" \/>\n\t<meta name=\"twitter:data2\" content=\"1 minuta\" \/>\n<script type=\"application\/ld+json\" class=\"yoast-schema-graph\">{\"@context\":\"https:\/\/schema.org\",\"@graph\":[{\"@type\":\"Article\",\"@id\":\"https:\/\/kalinski.pl\/serwis\/kontakt-mateusz-lecyk\/#article\",\"isPartOf\":{\"@id\":\"https:\/\/kalinski.pl\/serwis\/kontakt-mateusz-lecyk\/\"},\"author\":{\"name\":\"luk lukk\",\"@id\":\"https:\/\/kalinski.pl\/serwis\/#\/schema\/person\/2fcf9be80bed82f577f152eb72daf47b\"},\"headline\":\"Kontakt Mateusz Lecyk\",\"datePublished\":\"2026-03-03T08:40:15+00:00\",\"dateModified\":\"2026-03-03T08:42:27+00:00\",\"mainEntityOfPage\":{\"@id\":\"https:\/\/kalinski.pl\/serwis\/kontakt-mateusz-lecyk\/\"},\"wordCount\":18,\"publisher\":{\"@id\":\"https:\/\/kalinski.pl\/serwis\/#organization\"},\"image\":{\"@id\":\"https:\/\/kalinski.pl\/serwis\/kontakt-mateusz-lecyk\/#primaryimage\"},\"thumbnailUrl\":\"https:\/\/kalinski.pl\/serwis\/wp-content\/uploads\/kk_mateuszlecyk.jpg\",\"inLanguage\":\"pl-PL\"},{\"@type\":\"WebPage\",\"@id\":\"https:\/\/kalinski.pl\/serwis\/kontakt-mateusz-lecyk\/\",\"url\":\"https:\/\/kalinski.pl\/serwis\/kontakt-mateusz-lecyk\/\",\"name\":\"Kontakt Mateusz Lecyk | Kali\u0144ski\",\"isPartOf\":{\"@id\":\"https:\/\/kalinski.pl\/serwis\/#website\"},\"primaryImageOfPage\":{\"@id\":\"https:\/\/kalinski.pl\/serwis\/kontakt-mateusz-lecyk\/#primaryimage\"},\"image\":{\"@id\":\"https:\/\/kalinski.pl\/serwis\/kontakt-mateusz-lecyk\/#primaryimage\"},\"thumbnailUrl\":\"https:\/\/kalinski.pl\/serwis\/wp-content\/uploads\/kk_mateuszlecyk.jpg\",\"datePublished\":\"2026-03-03T08:40:15+00:00\",\"dateModified\":\"2026-03-03T08:42:27+00:00\",\"breadcrumb\":{\"@id\":\"https:\/\/kalinski.pl\/serwis\/kontakt-mateusz-lecyk\/#breadcrumb\"},\"inLanguage\":\"pl-PL\",\"potentialAction\":[{\"@type\":\"ReadAction\",\"target\":[\"https:\/\/kalinski.pl\/serwis\/kontakt-mateusz-lecyk\/\"]}]},{\"@type\":\"ImageObject\",\"inLanguage\":\"pl-PL\",\"@id\":\"https:\/\/kalinski.pl\/serwis\/kontakt-mateusz-lecyk\/#primaryimage\",\"url\":\"https:\/\/kalinski.pl\/serwis\/wp-content\/uploads\/kk_mateuszlecyk.jpg\",\"contentUrl\":\"https:\/\/kalinski.pl\/serwis\/wp-content\/uploads\/kk_mateuszlecyk.jpg\",\"width\":400,\"height\":400,\"caption\":\"kk mateuszlecyk\"},{\"@type\":\"BreadcrumbList\",\"@id\":\"https:\/\/kalinski.pl\/serwis\/kontakt-mateusz-lecyk\/#breadcrumb\",\"itemListElement\":[{\"@type\":\"ListItem\",\"position\":1,\"name\":\"Strona g\u0142\u00f3wna\",\"item\":\"https:\/\/kalinski.pl\/serwis\/\"},{\"@type\":\"ListItem\",\"position\":2,\"name\":\"Kontakt Mateusz Lecyk\"}]},{\"@type\":\"WebSite\",\"@id\":\"https:\/\/kalinski.pl\/serwis\/#website\",\"url\":\"https:\/\/kalinski.pl\/serwis\/\",\"name\":\"Kali\u0144ski\",\"description\":\"Uk\u0142ady wydechowe\",\"publisher\":{\"@id\":\"https:\/\/kalinski.pl\/serwis\/#organization\"},\"potentialAction\":[{\"@type\":\"SearchAction\",\"target\":{\"@type\":\"EntryPoint\",\"urlTemplate\":\"https:\/\/kalinski.pl\/serwis\/?s={search_term_string}\"},\"query-input\":{\"@type\":\"PropertyValueSpecification\",\"valueRequired\":true,\"valueName\":\"search_term_string\"}}],\"inLanguage\":\"pl-PL\"},{\"@type\":\"Organization\",\"@id\":\"https:\/\/kalinski.pl\/serwis\/#organization\",\"name\":\"Kali\u0144ski\",\"url\":\"https:\/\/kalinski.pl\/serwis\/\",\"logo\":{\"@type\":\"ImageObject\",\"inLanguage\":\"pl-PL\",\"@id\":\"https:\/\/kalinski.pl\/serwis\/#\/schema\/logo\/image\/\",\"url\":\"https:\/\/kalinski.pl\/serwis\/wp-content\/uploads\/2019\/03\/cropped-logo_white.jpg\",\"contentUrl\":\"https:\/\/kalinski.pl\/serwis\/wp-content\/uploads\/2019\/03\/cropped-logo_white.jpg\",\"width\":240,\"height\":63,\"caption\":\"Kali\u0144ski\"},\"image\":{\"@id\":\"https:\/\/kalinski.pl\/serwis\/#\/schema\/logo\/image\/\"}},{\"@type\":\"Person\",\"@id\":\"https:\/\/kalinski.pl\/serwis\/#\/schema\/person\/2fcf9be80bed82f577f152eb72daf47b\",\"name\":\"luk lukk\"}]}<\/script>\n<!-- \/ Yoast SEO plugin. -->","yoast_head_json":{"title":"Kontakt Mateusz Lecyk | Kali\u0144ski","robots":{"index":"index","follow":"follow","max-snippet":"max-snippet:-1","max-image-preview":"max-image-preview:large","max-video-preview":"max-video-preview:-1"},"canonical":"https:\/\/kalinski.pl\/serwis\/kontakt-mateusz-lecyk\/","og_locale":"pl_PL","og_type":"article","og_title":"Kontakt Mateusz Lecyk | Kali\u0144ski","og_description":"Pojazdy osobowe Mateusz Lecyk Dyrektor Operacyjny Menad\u017cer dzia\u0142u osobowego +48 61 814 27 77 \/ wew 101 biuro@kalinski.pl","og_url":"https:\/\/kalinski.pl\/serwis\/kontakt-mateusz-lecyk\/","og_site_name":"Kali\u0144ski","article_published_time":"2026-03-03T08:40:15+00:00","article_modified_time":"2026-03-03T08:42:27+00:00","og_image":[{"width":400,"height":400,"url":"https:\/\/kalinski.pl\/serwis\/wp-content\/uploads\/kk_mateuszlecyk.jpg","type":"image\/jpeg"}],"author":"luk lukk","twitter_card":"summary_large_image","twitter_misc":{"Napisane przez":"luk lukk","Szacowany czas czytania":"1 minuta"},"schema":{"@context":"https:\/\/schema.org","@graph":[{"@type":"Article","@id":"https:\/\/kalinski.pl\/serwis\/kontakt-mateusz-lecyk\/#article","isPartOf":{"@id":"https:\/\/kalinski.pl\/serwis\/kontakt-mateusz-lecyk\/"},"author":{"name":"luk lukk","@id":"https:\/\/kalinski.pl\/serwis\/#\/schema\/person\/2fcf9be80bed82f577f152eb72daf47b"},"headline":"Kontakt Mateusz Lecyk","datePublished":"2026-03-03T08:40:15+00:00","dateModified":"2026-03-03T08:42:27+00:00","mainEntityOfPage":{"@id":"https:\/\/kalinski.pl\/serwis\/kontakt-mateusz-lecyk\/"},"wordCount":18,"publisher":{"@id":"https:\/\/kalinski.pl\/serwis\/#organization"},"image":{"@id":"https:\/\/kalinski.pl\/serwis\/kontakt-mateusz-lecyk\/#primaryimage"},"thumbnailUrl":"https:\/\/kalinski.pl\/serwis\/wp-content\/uploads\/kk_mateuszlecyk.jpg","inLanguage":"pl-PL"},{"@type":"WebPage","@id":"https:\/\/kalinski.pl\/serwis\/kontakt-mateusz-lecyk\/","url":"https:\/\/kalinski.pl\/serwis\/kontakt-mateusz-lecyk\/","name":"Kontakt Mateusz Lecyk | Kali\u0144ski","isPartOf":{"@id":"https:\/\/kalinski.pl\/serwis\/#website"},"primaryImageOfPage":{"@id":"https:\/\/kalinski.pl\/serwis\/kontakt-mateusz-lecyk\/#primaryimage"},"image":{"@id":"https:\/\/kalinski.pl\/serwis\/kontakt-mateusz-lecyk\/#primaryimage"},"thumbnailUrl":"https:\/\/kalinski.pl\/serwis\/wp-content\/uploads\/kk_mateuszlecyk.jpg","datePublished":"2026-03-03T08:40:15+00:00","dateModified":"2026-03-03T08:42:27+00:00","breadcrumb":{"@id":"https:\/\/kalinski.pl\/serwis\/kontakt-mateusz-lecyk\/#breadcrumb"},"inLanguage":"pl-PL","potentialAction":[{"@type":"ReadAction","target":["https:\/\/kalinski.pl\/serwis\/kontakt-mateusz-lecyk\/"]}]},{"@type":"ImageObject","inLanguage":"pl-PL","@id":"https:\/\/kalinski.pl\/serwis\/kontakt-mateusz-lecyk\/#primaryimage","url":"https:\/\/kalinski.pl\/serwis\/wp-content\/uploads\/kk_mateuszlecyk.jpg","contentUrl":"https:\/\/kalinski.pl\/serwis\/wp-content\/uploads\/kk_mateuszlecyk.jpg","width":400,"height":400,"caption":"kk mateuszlecyk"},{"@type":"BreadcrumbList","@id":"https:\/\/kalinski.pl\/serwis\/kontakt-mateusz-lecyk\/#breadcrumb","itemListElement":[{"@type":"ListItem","position":1,"name":"Strona g\u0142\u00f3wna","item":"https:\/\/kalinski.pl\/serwis\/"},{"@type":"ListItem","position":2,"name":"Kontakt Mateusz Lecyk"}]},{"@type":"WebSite","@id":"https:\/\/kalinski.pl\/serwis\/#website","url":"https:\/\/kalinski.pl\/serwis\/","name":"Kali\u0144ski","description":"Uk\u0142ady wydechowe","publisher":{"@id":"https:\/\/kalinski.pl\/serwis\/#organization"},"potentialAction":[{"@type":"SearchAction","target":{"@type":"EntryPoint","urlTemplate":"https:\/\/kalinski.pl\/serwis\/?s={search_term_string}"},"query-input":{"@type":"PropertyValueSpecification","valueRequired":true,"valueName":"search_term_string"}}],"inLanguage":"pl-PL"},{"@type":"Organization","@id":"https:\/\/kalinski.pl\/serwis\/#organization","name":"Kali\u0144ski","url":"https:\/\/kalinski.pl\/serwis\/","logo":{"@type":"ImageObject","inLanguage":"pl-PL","@id":"https:\/\/kalinski.pl\/serwis\/#\/schema\/logo\/image\/","url":"https:\/\/kalinski.pl\/serwis\/wp-content\/uploads\/2019\/03\/cropped-logo_white.jpg","contentUrl":"https:\/\/kalinski.pl\/serwis\/wp-content\/uploads\/2019\/03\/cropped-logo_white.jpg","width":240,"height":63,"caption":"Kali\u0144ski"},"image":{"@id":"https:\/\/kalinski.pl\/serwis\/#\/schema\/logo\/image\/"}},{"@type":"Person","@id":"https:\/\/kalinski.pl\/serwis\/#\/schema\/person\/2fcf9be80bed82f577f152eb72daf47b","name":"luk lukk"}]}},"_links":{"self":[{"href":"https:\/\/kalinski.pl\/serwis\/wp-json\/wp\/v2\/posts\/4835","targetHints":{"allow":["GET"]}}],"collection":[{"href":"https:\/\/kalinski.pl\/serwis\/wp-json\/wp\/v2\/posts"}],"about":[{"href":"https:\/\/kalinski.pl\/serwis\/wp-json\/wp\/v2\/types\/post"}],"author":[{"embeddable":true,"href":"https:\/\/kalinski.pl\/serwis\/wp-json\/wp\/v2\/users\/821792"}],"replies":[{"embeddable":true,"href":"https:\/\/kalinski.pl\/serwis\/wp-json\/wp\/v2\/comments?post=4835"}],"version-history":[{"count":7,"href":"https:\/\/kalinski.pl\/serwis\/wp-json\/wp\/v2\/posts\/4835\/revisions"}],"predecessor-version":[{"id":4843,"href":"https:\/\/kalinski.pl\/serwis\/wp-json\/wp\/v2\/posts\/4835\/revisions\/4843"}],"wp:attachment":[{"href":"https:\/\/kalinski.pl\/serwis\/wp-json\/wp\/v2\/media?parent=4835"}],"wp:term":[{"taxonomy":"category","embeddable":true,"href":"https:\/\/kalinski.pl\/serwis\/wp-json\/wp\/v2\/categories?post=4835"},{"taxonomy":"post_tag","embeddable":true,"href":"https:\/\/kalinski.pl\/serwis\/wp-json\/wp\/v2\/tags?post=4835"}],"curies":[{"name":"wp","href":"https:\/\/api.w.org\/{rel}","templated":true}]}}