{"id":4738,"date":"2026-03-02T10:57:25","date_gmt":"2026-03-02T09:57:25","guid":{"rendered":"https:\/\/kalinski.pl\/serwis\/?p=4738"},"modified":"2026-03-19T10:07:25","modified_gmt":"2026-03-19T09:07:25","slug":"kontakt-osobowe-grzegorz-patryk","status":"publish","type":"post","link":"https:\/\/kalinski.pl\/serwis\/kontakt-osobowe-grzegorz-patryk\/","title":{"rendered":"kontakt osobowe Grzegorz Patryk"},"content":{"rendered":"\t\t<div data-elementor-type=\"wp-post\" data-elementor-id=\"4738\" class=\"elementor elementor-4738\">\n\t\t\t\t\t\t<section class=\"elementor-section elementor-top-section elementor-element elementor-element-1f10662 elementor-section-boxed elementor-section-height-default elementor-section-height-default\" data-id=\"1f10662\" data-element_type=\"section\">\n\t\t\t\t\t\t<div class=\"elementor-container elementor-column-gap-default\">\n\t\t\t\t\t<div class=\"elementor-column elementor-col-100 elementor-top-column elementor-element elementor-element-addd0a6\" data-id=\"addd0a6\" data-element_type=\"column\">\n\t\t\t<div class=\"elementor-widget-wrap elementor-element-populated\">\n\t\t\t\t\t\t<div class=\"elementor-element elementor-element-b2cb9aa h3_kontakt elementor-widget elementor-widget-heading\" data-id=\"b2cb9aa\" data-element_type=\"widget\" data-widget_type=\"heading.default\">\n\t\t\t\t<div class=\"elementor-widget-container\">\n\t\t\t\t\t<h3 class=\"elementor-heading-title elementor-size-default\">Pojazdy osobowe<\/h3>\t\t\t\t<\/div>\n\t\t\t\t<\/div>\n\t\t\t\t\t<\/div>\n\t\t<\/div>\n\t\t\t\t\t<\/div>\n\t\t<\/section>\n\t\t\t\t<section class=\"elementor-section elementor-top-section elementor-element elementor-element-52c7e26 elementor-section-boxed elementor-section-height-default elementor-section-height-default\" data-id=\"52c7e26\" data-element_type=\"section\">\n\t\t\t\t\t\t<div class=\"elementor-container elementor-column-gap-default\">\n\t\t\t\t\t<div class=\"elementor-column elementor-col-50 elementor-top-column elementor-element elementor-element-ee36be2\" data-id=\"ee36be2\" data-element_type=\"column\" data-settings=\"{&quot;background_background&quot;:&quot;classic&quot;}\">\n\t\t\t<div class=\"elementor-widget-wrap elementor-element-populated\">\n\t\t\t\t\t\t<section class=\"elementor-section elementor-inner-section elementor-element elementor-element-29be1ef kontakt_sekcja elementor-section-height-min-height elementor-section-boxed elementor-section-height-default\" data-id=\"29be1ef\" data-element_type=\"section\" data-settings=\"{&quot;background_background&quot;:&quot;classic&quot;}\">\n\t\t\t\t\t\t<div class=\"elementor-container elementor-column-gap-default\">\n\t\t\t\t\t<div class=\"elementor-column elementor-col-50 elementor-inner-column elementor-element elementor-element-6ad9620\" data-id=\"6ad9620\" data-element_type=\"column\">\n\t\t\t<div class=\"elementor-widget-wrap elementor-element-populated\">\n\t\t\t\t\t\t<div class=\"elementor-element elementor-element-9af138b elementor-widget elementor-widget-image\" data-id=\"9af138b\" data-element_type=\"widget\" data-widget_type=\"image.default\">\n\t\t\t\t<div class=\"elementor-widget-container\">\n\t\t\t\t\t\t\t\t\t\t\t\t\t\t\t<img fetchpriority=\"high\" decoding=\"async\" width=\"400\" height=\"400\" src=\"https:\/\/kalinski.pl\/serwis\/wp-content\/uploads\/kk_patrykzwierzchlewski.jpg\" class=\"attachment-large size-large wp-image-4743\" alt=\"kk patrykzwierzchlewski\" \/>\t\t\t\t\t\t\t\t\t\t\t\t\t\t\t<\/div>\n\t\t\t\t<\/div>\n\t\t\t\t\t<\/div>\n\t\t<\/div>\n\t\t\t\t<div class=\"elementor-column elementor-col-50 elementor-inner-column elementor-element elementor-element-36d1e66\" data-id=\"36d1e66\" data-element_type=\"column\" data-settings=\"{&quot;background_background&quot;:&quot;classic&quot;}\">\n\t\t\t<div class=\"elementor-widget-wrap elementor-element-populated\">\n\t\t\t\t\t\t<div class=\"elementor-element elementor-element-c03a372 elementor-widget elementor-widget-heading\" data-id=\"c03a372\" data-element_type=\"widget\" data-widget_type=\"heading.default\">\n\t\t\t\t<div class=\"elementor-widget-container\">\n\t\t\t\t\t<h3 class=\"elementor-heading-title elementor-size-default\">Patryk Zwierzchlewski<\/h3>\t\t\t\t<\/div>\n\t\t\t\t<\/div>\n\t\t\t\t<div class=\"elementor-element elementor-element-ced78b3 elementor-widget elementor-widget-text-editor\" data-id=\"ced78b3\" data-element_type=\"widget\" data-widget_type=\"text-editor.default\">\n\t\t\t\t<div class=\"elementor-widget-container\">\n\t\t\t\t\t\t\t\t\t<div class=\"member-role\">Specjalista ds. regeneracji pojazd\u00f3w osobowych<\/div>\n<div class=\"member-contact\"><a href=\"tel:48618142777\">+48 61 814 27 77 wew. 111<\/a><br \/>\nregeneracja@kalinski.pl<\/div>\t\t\t\t\t\t\t\t<\/div>\n\t\t\t\t<\/div>\n\t\t\t\t\t<\/div>\n\t\t<\/div>\n\t\t\t\t\t<\/div>\n\t\t<\/section>\n\t\t\t\t\t<\/div>\n\t\t<\/div>\n\t\t\t\t<div class=\"elementor-column elementor-col-50 elementor-top-column elementor-element elementor-element-68d136e\" data-id=\"68d136e\" data-element_type=\"column\">\n\t\t\t<div class=\"elementor-widget-wrap elementor-element-populated\">\n\t\t\t\t\t\t<section class=\"elementor-section elementor-inner-section elementor-element elementor-element-b33de03 kontakt_sekcja elementor-section-height-min-height elementor-section-boxed elementor-section-height-default\" data-id=\"b33de03\" data-element_type=\"section\" data-settings=\"{&quot;background_background&quot;:&quot;classic&quot;}\">\n\t\t\t\t\t\t<div class=\"elementor-container elementor-column-gap-default\">\n\t\t\t\t\t<div class=\"elementor-column elementor-col-50 elementor-inner-column elementor-element elementor-element-9080891\" data-id=\"9080891\" data-element_type=\"column\">\n\t\t\t<div class=\"elementor-widget-wrap elementor-element-populated\">\n\t\t\t\t\t\t<div class=\"elementor-element elementor-element-c077a64 elementor-widget elementor-widget-image\" data-id=\"c077a64\" data-element_type=\"widget\" data-widget_type=\"image.default\">\n\t\t\t\t<div class=\"elementor-widget-container\">\n\t\t\t\t\t\t\t\t\t\t\t\t\t\t\t<img decoding=\"async\" width=\"400\" height=\"400\" src=\"https:\/\/kalinski.pl\/serwis\/wp-content\/uploads\/kk_grzegorzstaszak.jpg\" class=\"attachment-large size-large wp-image-4702\" alt=\"kk grzegorzstaszak\" \/>\t\t\t\t\t\t\t\t\t\t\t\t\t\t\t<\/div>\n\t\t\t\t<\/div>\n\t\t\t\t\t<\/div>\n\t\t<\/div>\n\t\t\t\t<div class=\"elementor-column elementor-col-50 elementor-inner-column elementor-element elementor-element-a5b7b9a\" data-id=\"a5b7b9a\" data-element_type=\"column\" data-settings=\"{&quot;background_background&quot;:&quot;classic&quot;}\">\n\t\t\t<div class=\"elementor-widget-wrap elementor-element-populated\">\n\t\t\t\t\t\t<div class=\"elementor-element elementor-element-fe82ca4 elementor-widget elementor-widget-heading\" data-id=\"fe82ca4\" data-element_type=\"widget\" data-widget_type=\"heading.default\">\n\t\t\t\t<div class=\"elementor-widget-container\">\n\t\t\t\t\t<h3 class=\"elementor-heading-title elementor-size-default\">Grzegorz Staszak<\/h3>\t\t\t\t<\/div>\n\t\t\t\t<\/div>\n\t\t\t\t<div class=\"elementor-element elementor-element-8e17d70 elementor-widget elementor-widget-text-editor\" data-id=\"8e17d70\" data-element_type=\"widget\" data-widget_type=\"text-editor.default\">\n\t\t\t\t<div class=\"elementor-widget-container\">\n\t\t\t\t\t\t\t\t\t<div class=\"member-role\">Menad\u017cer dzia\u0142u cz\u0119\u015bci i akcesori\u00f3w<br \/>\nSpecjalista ds. tuningu i motocykli<\/div>\n<div class=\"member-contact\"><a href=\"tel:48618142777\">+48 61 814 27 77 wew. 104<\/a><br \/>\n<a href=\"tel:+48691083346\">Mob. 691 083 346<\/a><br \/>\nmotocykle@kalinski.pl<\/div>\t\t\t\t\t\t\t\t<\/div>\n\t\t\t\t<\/div>\n\t\t\t\t\t<\/div>\n\t\t<\/div>\n\t\t\t\t\t<\/div>\n\t\t<\/section>\n\t\t\t\t\t<\/div>\n\t\t<\/div>\n\t\t\t\t\t<\/div>\n\t\t<\/section>\n\t\t\t\t<\/div>\n\t\t","protected":false},"excerpt":{"rendered":"<p>Pojazdy osobowe Patryk Zwierzchlewski Specjalista ds. regeneracji pojazd\u00f3w osobowych +48 61 814 27 77 wew. 111 regeneracja@kalinski.pl Grzegorz Staszak Menad\u017cer dzia\u0142u cz\u0119\u015bci i akcesori\u00f3w Specjalista ds. tuningu i motocykli +48 61 814 27 77 wew. 104 Mob. 691 083 346 motocykle@kalinski.pl<\/p>\n","protected":false},"author":821792,"featured_media":0,"comment_status":"closed","ping_status":"closed","sticky":false,"template":"","format":"standard","meta":{"footnotes":""},"categories":[1],"tags":[],"class_list":["post-4738","post","type-post","status-publish","format-standard","hentry","category-bez-kategorii"],"yoast_head":"<!-- This site is optimized with the Yoast SEO plugin v26.7 - https:\/\/yoast.com\/wordpress\/plugins\/seo\/ -->\n<title>kontakt osobowe Grzegorz Patryk | Kali\u0144ski<\/title>\n<meta name=\"robots\" content=\"index, follow, max-snippet:-1, max-image-preview:large, max-video-preview:-1\" \/>\n<link rel=\"canonical\" href=\"https:\/\/kalinski.pl\/serwis\/kontakt-osobowe-grzegorz-patryk\/\" \/>\n<meta property=\"og:locale\" content=\"pl_PL\" \/>\n<meta property=\"og:type\" content=\"article\" \/>\n<meta property=\"og:title\" content=\"kontakt osobowe Grzegorz Patryk | Kali\u0144ski\" \/>\n<meta property=\"og:description\" content=\"Pojazdy osobowe Patryk Zwierzchlewski Specjalista ds. regeneracji pojazd\u00f3w osobowych +48 61 814 27 77 wew. 111 regeneracja@kalinski.pl Grzegorz Staszak Menad\u017cer dzia\u0142u cz\u0119\u015bci i akcesori\u00f3w Specjalista ds. tuningu i motocykli +48 61 814 27 77 wew. 104 Mob. 691 083 346 motocykle@kalinski.pl\" \/>\n<meta property=\"og:url\" content=\"https:\/\/kalinski.pl\/serwis\/kontakt-osobowe-grzegorz-patryk\/\" \/>\n<meta property=\"og:site_name\" content=\"Kali\u0144ski\" \/>\n<meta property=\"article:published_time\" content=\"2026-03-02T09:57:25+00:00\" \/>\n<meta property=\"article:modified_time\" content=\"2026-03-19T09:07:25+00:00\" \/>\n<meta property=\"og:image\" content=\"https:\/\/kalinski.pl\/serwis\/wp-content\/uploads\/kk_patrykzwierzchlewski.jpg\" \/>\n\t<meta property=\"og:image:width\" content=\"400\" \/>\n\t<meta property=\"og:image:height\" content=\"400\" \/>\n\t<meta property=\"og:image:type\" content=\"image\/jpeg\" \/>\n<meta name=\"author\" content=\"luk lukk\" \/>\n<meta name=\"twitter:card\" content=\"summary_large_image\" \/>\n<meta name=\"twitter:label1\" content=\"Napisane przez\" \/>\n\t<meta name=\"twitter:data1\" content=\"luk lukk\" \/>\n\t<meta name=\"twitter:label2\" content=\"Szacowany czas czytania\" \/>\n\t<meta name=\"twitter:data2\" content=\"1 minuta\" \/>\n<script type=\"application\/ld+json\" class=\"yoast-schema-graph\">{\"@context\":\"https:\/\/schema.org\",\"@graph\":[{\"@type\":\"Article\",\"@id\":\"https:\/\/kalinski.pl\/serwis\/kontakt-osobowe-grzegorz-patryk\/#article\",\"isPartOf\":{\"@id\":\"https:\/\/kalinski.pl\/serwis\/kontakt-osobowe-grzegorz-patryk\/\"},\"author\":{\"name\":\"luk lukk\",\"@id\":\"https:\/\/kalinski.pl\/serwis\/#\/schema\/person\/2fcf9be80bed82f577f152eb72daf47b\"},\"headline\":\"kontakt osobowe Grzegorz Patryk\",\"datePublished\":\"2026-03-02T09:57:25+00:00\",\"dateModified\":\"2026-03-19T09:07:25+00:00\",\"mainEntityOfPage\":{\"@id\":\"https:\/\/kalinski.pl\/serwis\/kontakt-osobowe-grzegorz-patryk\/\"},\"wordCount\":39,\"publisher\":{\"@id\":\"https:\/\/kalinski.pl\/serwis\/#organization\"},\"image\":{\"@id\":\"https:\/\/kalinski.pl\/serwis\/kontakt-osobowe-grzegorz-patryk\/#primaryimage\"},\"thumbnailUrl\":\"https:\/\/kalinski.pl\/serwis\/wp-content\/uploads\/kk_patrykzwierzchlewski.jpg\",\"inLanguage\":\"pl-PL\"},{\"@type\":\"WebPage\",\"@id\":\"https:\/\/kalinski.pl\/serwis\/kontakt-osobowe-grzegorz-patryk\/\",\"url\":\"https:\/\/kalinski.pl\/serwis\/kontakt-osobowe-grzegorz-patryk\/\",\"name\":\"kontakt osobowe Grzegorz Patryk | Kali\u0144ski\",\"isPartOf\":{\"@id\":\"https:\/\/kalinski.pl\/serwis\/#website\"},\"primaryImageOfPage\":{\"@id\":\"https:\/\/kalinski.pl\/serwis\/kontakt-osobowe-grzegorz-patryk\/#primaryimage\"},\"image\":{\"@id\":\"https:\/\/kalinski.pl\/serwis\/kontakt-osobowe-grzegorz-patryk\/#primaryimage\"},\"thumbnailUrl\":\"https:\/\/kalinski.pl\/serwis\/wp-content\/uploads\/kk_patrykzwierzchlewski.jpg\",\"datePublished\":\"2026-03-02T09:57:25+00:00\",\"dateModified\":\"2026-03-19T09:07:25+00:00\",\"breadcrumb\":{\"@id\":\"https:\/\/kalinski.pl\/serwis\/kontakt-osobowe-grzegorz-patryk\/#breadcrumb\"},\"inLanguage\":\"pl-PL\",\"potentialAction\":[{\"@type\":\"ReadAction\",\"target\":[\"https:\/\/kalinski.pl\/serwis\/kontakt-osobowe-grzegorz-patryk\/\"]}]},{\"@type\":\"ImageObject\",\"inLanguage\":\"pl-PL\",\"@id\":\"https:\/\/kalinski.pl\/serwis\/kontakt-osobowe-grzegorz-patryk\/#primaryimage\",\"url\":\"https:\/\/kalinski.pl\/serwis\/wp-content\/uploads\/kk_patrykzwierzchlewski.jpg\",\"contentUrl\":\"https:\/\/kalinski.pl\/serwis\/wp-content\/uploads\/kk_patrykzwierzchlewski.jpg\",\"width\":400,\"height\":400,\"caption\":\"kk patrykzwierzchlewski\"},{\"@type\":\"BreadcrumbList\",\"@id\":\"https:\/\/kalinski.pl\/serwis\/kontakt-osobowe-grzegorz-patryk\/#breadcrumb\",\"itemListElement\":[{\"@type\":\"ListItem\",\"position\":1,\"name\":\"Strona g\u0142\u00f3wna\",\"item\":\"https:\/\/kalinski.pl\/serwis\/\"},{\"@type\":\"ListItem\",\"position\":2,\"name\":\"kontakt osobowe Grzegorz Patryk\"}]},{\"@type\":\"WebSite\",\"@id\":\"https:\/\/kalinski.pl\/serwis\/#website\",\"url\":\"https:\/\/kalinski.pl\/serwis\/\",\"name\":\"Kali\u0144ski\",\"description\":\"Uk\u0142ady wydechowe\",\"publisher\":{\"@id\":\"https:\/\/kalinski.pl\/serwis\/#organization\"},\"potentialAction\":[{\"@type\":\"SearchAction\",\"target\":{\"@type\":\"EntryPoint\",\"urlTemplate\":\"https:\/\/kalinski.pl\/serwis\/?s={search_term_string}\"},\"query-input\":{\"@type\":\"PropertyValueSpecification\",\"valueRequired\":true,\"valueName\":\"search_term_string\"}}],\"inLanguage\":\"pl-PL\"},{\"@type\":\"Organization\",\"@id\":\"https:\/\/kalinski.pl\/serwis\/#organization\",\"name\":\"Kali\u0144ski\",\"url\":\"https:\/\/kalinski.pl\/serwis\/\",\"logo\":{\"@type\":\"ImageObject\",\"inLanguage\":\"pl-PL\",\"@id\":\"https:\/\/kalinski.pl\/serwis\/#\/schema\/logo\/image\/\",\"url\":\"https:\/\/kalinski.pl\/serwis\/wp-content\/uploads\/2019\/03\/cropped-logo_white.jpg\",\"contentUrl\":\"https:\/\/kalinski.pl\/serwis\/wp-content\/uploads\/2019\/03\/cropped-logo_white.jpg\",\"width\":240,\"height\":63,\"caption\":\"Kali\u0144ski\"},\"image\":{\"@id\":\"https:\/\/kalinski.pl\/serwis\/#\/schema\/logo\/image\/\"}},{\"@type\":\"Person\",\"@id\":\"https:\/\/kalinski.pl\/serwis\/#\/schema\/person\/2fcf9be80bed82f577f152eb72daf47b\",\"name\":\"luk lukk\"}]}<\/script>\n<!-- \/ Yoast SEO plugin. -->","yoast_head_json":{"title":"kontakt osobowe Grzegorz Patryk | Kali\u0144ski","robots":{"index":"index","follow":"follow","max-snippet":"max-snippet:-1","max-image-preview":"max-image-preview:large","max-video-preview":"max-video-preview:-1"},"canonical":"https:\/\/kalinski.pl\/serwis\/kontakt-osobowe-grzegorz-patryk\/","og_locale":"pl_PL","og_type":"article","og_title":"kontakt osobowe Grzegorz Patryk | Kali\u0144ski","og_description":"Pojazdy osobowe Patryk Zwierzchlewski Specjalista ds. regeneracji pojazd\u00f3w osobowych +48 61 814 27 77 wew. 111 regeneracja@kalinski.pl Grzegorz Staszak Menad\u017cer dzia\u0142u cz\u0119\u015bci i akcesori\u00f3w Specjalista ds. tuningu i motocykli +48 61 814 27 77 wew. 104 Mob. 691 083 346 motocykle@kalinski.pl","og_url":"https:\/\/kalinski.pl\/serwis\/kontakt-osobowe-grzegorz-patryk\/","og_site_name":"Kali\u0144ski","article_published_time":"2026-03-02T09:57:25+00:00","article_modified_time":"2026-03-19T09:07:25+00:00","og_image":[{"width":400,"height":400,"url":"https:\/\/kalinski.pl\/serwis\/wp-content\/uploads\/kk_patrykzwierzchlewski.jpg","type":"image\/jpeg"}],"author":"luk lukk","twitter_card":"summary_large_image","twitter_misc":{"Napisane przez":"luk lukk","Szacowany czas czytania":"1 minuta"},"schema":{"@context":"https:\/\/schema.org","@graph":[{"@type":"Article","@id":"https:\/\/kalinski.pl\/serwis\/kontakt-osobowe-grzegorz-patryk\/#article","isPartOf":{"@id":"https:\/\/kalinski.pl\/serwis\/kontakt-osobowe-grzegorz-patryk\/"},"author":{"name":"luk lukk","@id":"https:\/\/kalinski.pl\/serwis\/#\/schema\/person\/2fcf9be80bed82f577f152eb72daf47b"},"headline":"kontakt osobowe Grzegorz Patryk","datePublished":"2026-03-02T09:57:25+00:00","dateModified":"2026-03-19T09:07:25+00:00","mainEntityOfPage":{"@id":"https:\/\/kalinski.pl\/serwis\/kontakt-osobowe-grzegorz-patryk\/"},"wordCount":39,"publisher":{"@id":"https:\/\/kalinski.pl\/serwis\/#organization"},"image":{"@id":"https:\/\/kalinski.pl\/serwis\/kontakt-osobowe-grzegorz-patryk\/#primaryimage"},"thumbnailUrl":"https:\/\/kalinski.pl\/serwis\/wp-content\/uploads\/kk_patrykzwierzchlewski.jpg","inLanguage":"pl-PL"},{"@type":"WebPage","@id":"https:\/\/kalinski.pl\/serwis\/kontakt-osobowe-grzegorz-patryk\/","url":"https:\/\/kalinski.pl\/serwis\/kontakt-osobowe-grzegorz-patryk\/","name":"kontakt osobowe Grzegorz Patryk | Kali\u0144ski","isPartOf":{"@id":"https:\/\/kalinski.pl\/serwis\/#website"},"primaryImageOfPage":{"@id":"https:\/\/kalinski.pl\/serwis\/kontakt-osobowe-grzegorz-patryk\/#primaryimage"},"image":{"@id":"https:\/\/kalinski.pl\/serwis\/kontakt-osobowe-grzegorz-patryk\/#primaryimage"},"thumbnailUrl":"https:\/\/kalinski.pl\/serwis\/wp-content\/uploads\/kk_patrykzwierzchlewski.jpg","datePublished":"2026-03-02T09:57:25+00:00","dateModified":"2026-03-19T09:07:25+00:00","breadcrumb":{"@id":"https:\/\/kalinski.pl\/serwis\/kontakt-osobowe-grzegorz-patryk\/#breadcrumb"},"inLanguage":"pl-PL","potentialAction":[{"@type":"ReadAction","target":["https:\/\/kalinski.pl\/serwis\/kontakt-osobowe-grzegorz-patryk\/"]}]},{"@type":"ImageObject","inLanguage":"pl-PL","@id":"https:\/\/kalinski.pl\/serwis\/kontakt-osobowe-grzegorz-patryk\/#primaryimage","url":"https:\/\/kalinski.pl\/serwis\/wp-content\/uploads\/kk_patrykzwierzchlewski.jpg","contentUrl":"https:\/\/kalinski.pl\/serwis\/wp-content\/uploads\/kk_patrykzwierzchlewski.jpg","width":400,"height":400,"caption":"kk patrykzwierzchlewski"},{"@type":"BreadcrumbList","@id":"https:\/\/kalinski.pl\/serwis\/kontakt-osobowe-grzegorz-patryk\/#breadcrumb","itemListElement":[{"@type":"ListItem","position":1,"name":"Strona g\u0142\u00f3wna","item":"https:\/\/kalinski.pl\/serwis\/"},{"@type":"ListItem","position":2,"name":"kontakt osobowe Grzegorz Patryk"}]},{"@type":"WebSite","@id":"https:\/\/kalinski.pl\/serwis\/#website","url":"https:\/\/kalinski.pl\/serwis\/","name":"Kali\u0144ski","description":"Uk\u0142ady wydechowe","publisher":{"@id":"https:\/\/kalinski.pl\/serwis\/#organization"},"potentialAction":[{"@type":"SearchAction","target":{"@type":"EntryPoint","urlTemplate":"https:\/\/kalinski.pl\/serwis\/?s={search_term_string}"},"query-input":{"@type":"PropertyValueSpecification","valueRequired":true,"valueName":"search_term_string"}}],"inLanguage":"pl-PL"},{"@type":"Organization","@id":"https:\/\/kalinski.pl\/serwis\/#organization","name":"Kali\u0144ski","url":"https:\/\/kalinski.pl\/serwis\/","logo":{"@type":"ImageObject","inLanguage":"pl-PL","@id":"https:\/\/kalinski.pl\/serwis\/#\/schema\/logo\/image\/","url":"https:\/\/kalinski.pl\/serwis\/wp-content\/uploads\/2019\/03\/cropped-logo_white.jpg","contentUrl":"https:\/\/kalinski.pl\/serwis\/wp-content\/uploads\/2019\/03\/cropped-logo_white.jpg","width":240,"height":63,"caption":"Kali\u0144ski"},"image":{"@id":"https:\/\/kalinski.pl\/serwis\/#\/schema\/logo\/image\/"}},{"@type":"Person","@id":"https:\/\/kalinski.pl\/serwis\/#\/schema\/person\/2fcf9be80bed82f577f152eb72daf47b","name":"luk lukk"}]}},"_links":{"self":[{"href":"https:\/\/kalinski.pl\/serwis\/wp-json\/wp\/v2\/posts\/4738","targetHints":{"allow":["GET"]}}],"collection":[{"href":"https:\/\/kalinski.pl\/serwis\/wp-json\/wp\/v2\/posts"}],"about":[{"href":"https:\/\/kalinski.pl\/serwis\/wp-json\/wp\/v2\/types\/post"}],"author":[{"embeddable":true,"href":"https:\/\/kalinski.pl\/serwis\/wp-json\/wp\/v2\/users\/821792"}],"replies":[{"embeddable":true,"href":"https:\/\/kalinski.pl\/serwis\/wp-json\/wp\/v2\/comments?post=4738"}],"version-history":[{"count":88,"href":"https:\/\/kalinski.pl\/serwis\/wp-json\/wp\/v2\/posts\/4738\/revisions"}],"predecessor-version":[{"id":4961,"href":"https:\/\/kalinski.pl\/serwis\/wp-json\/wp\/v2\/posts\/4738\/revisions\/4961"}],"wp:attachment":[{"href":"https:\/\/kalinski.pl\/serwis\/wp-json\/wp\/v2\/media?parent=4738"}],"wp:term":[{"taxonomy":"category","embeddable":true,"href":"https:\/\/kalinski.pl\/serwis\/wp-json\/wp\/v2\/categories?post=4738"},{"taxonomy":"post_tag","embeddable":true,"href":"https:\/\/kalinski.pl\/serwis\/wp-json\/wp\/v2\/tags?post=4738"}],"curies":[{"name":"wp","href":"https:\/\/api.w.org\/{rel}","templated":true}]}}